{"id":7677,"date":"2026-04-24T12:16:06","date_gmt":"2026-04-24T10:16:06","guid":{"rendered":"https:\/\/www.lafontdencarros.es\/?p=7677"},"modified":"2026-04-24T12:16:25","modified_gmt":"2026-04-24T10:16:25","slug":"%f0%9f%93%9c-jaume-i-els-carros-al-azraq-i-lemboscada-de-rugat-%f0%9f%93%9c","status":"publish","type":"post","link":"https:\/\/www.lafontdencarros.es\/va\/%f0%9f%93%9c-jaume-i-els-carros-al-azraq-i-lemboscada-de-rugat-%f0%9f%93%9c\/","title":{"rendered":"\ud83d\udcdc Jaume I, els Carr\u00f2s, al-Azraq i l\u2019emboscada de Rugat \ud83d\udcdc"},"content":{"rendered":"\n<p>\ud83d\udce3 Ahir va tindre lloc a la Casa de la Cultura la confer\u00e8ncia-col\u00b7loqui al voltant de la nostra hist\u00f2ria, dins dels actes commemoratius dels 700 anys d\u2019en Carr\u00f2s.<\/p>\n\n\n\n<p>\ud83d\udc49 Amb la participaci\u00f3 de Just Sell\u00e9s, escriptor, i Abel Soler, historiador, el p\u00fablic va poder aprofundir en el context hist\u00f2ric de Jaume I, la fam\u00edlia Carr\u00f2s i la figura d\u2019al-Azraq, aix\u00ed com en els fets de l\u2019emboscada de Rugat.<\/p>\n\n\n\n<p>\ud83c\udf75 En finalitzar, es va oferir un berenar amb t\u00e9 \u00e0rab, pastissets d\u2019origen marroqu\u00ed i les nostres famoses Carrossines.<\/p>\n\n\n\n<p>\ud83d\udcfa Si no vas poder assistir, pots veure l\u2019acte complet ac\u00ed:<br>https:\/\/www.youtube.com\/live\/-swv8DS1Izg<\/p>\n\n\n\n<figure class=\"wp-block-gallery has-nested-images columns-default is-cropped wp-block-gallery-1 is-layout-flex wp-block-gallery-is-layout-flex\">\n<figure class=\"wp-block-image size-large\"><img decoding=\"async\" width=\"1024\" height=\"683\" data-id=\"7699\" src=\"https:\/\/www.lafontdencarros.es\/wp-content\/uploads\/2026\/04\/01-Conferencia-1-1024x683.jpg\" alt=\"\" class=\"wp-image-7699\" srcset=\"https:\/\/www.lafontdencarros.es\/wp-content\/uploads\/2026\/04\/01-Conferencia-1-1024x683.jpg 1024w, https:\/\/www.lafontdencarros.es\/wp-content\/uploads\/2026\/04\/01-Conferencia-1-300x200.jpg 300w, https:\/\/www.lafontdencarros.es\/wp-content\/uploads\/2026\/04\/01-Conferencia-1-768x512.jpg 768w, https:\/\/www.lafontdencarros.es\/wp-content\/uploads\/2026\/04\/01-Conferencia-1-391x260.jpg 391w, https:\/\/www.lafontdencarros.es\/wp-content\/uploads\/2026\/04\/01-Conferencia-1-1536x1024.jpg 1536w, https:\/\/www.lafontdencarros.es\/wp-content\/uploads\/2026\/04\/01-Conferencia-1.jpg 1920w\" sizes=\"(max-width: 1024px) 100vw, 1024px\" \/><\/figure>\n\n\n\n<figure class=\"wp-block-image size-large\"><img decoding=\"async\" width=\"1024\" height=\"683\" data-id=\"7696\" src=\"https:\/\/www.lafontdencarros.es\/wp-content\/uploads\/2026\/04\/04-Conferencia-1-1024x683.jpg\" alt=\"\" class=\"wp-image-7696\" srcset=\"https:\/\/www.lafontdencarros.es\/wp-content\/uploads\/2026\/04\/04-Conferencia-1-1024x683.jpg 1024w, https:\/\/www.lafontdencarros.es\/wp-content\/uploads\/2026\/04\/04-Conferencia-1-300x200.jpg 300w, https:\/\/www.lafontdencarros.es\/wp-content\/uploads\/2026\/04\/04-Conferencia-1-768x512.jpg 768w, https:\/\/www.lafontdencarros.es\/wp-content\/uploads\/2026\/04\/04-Conferencia-1-391x260.jpg 391w, https:\/\/www.lafontdencarros.es\/wp-content\/uploads\/2026\/04\/04-Conferencia-1-1536x1024.jpg 1536w, https:\/\/www.lafontdencarros.es\/wp-content\/uploads\/2026\/04\/04-Conferencia-1.jpg 1920w\" sizes=\"(max-width: 1024px) 100vw, 1024px\" \/><\/figure>\n\n\n\n<figure class=\"wp-block-image size-large\"><img decoding=\"async\" width=\"1024\" height=\"683\" data-id=\"7702\" src=\"https:\/\/www.lafontdencarros.es\/wp-content\/uploads\/2026\/04\/05-Conferencia-1-1024x683.jpg\" alt=\"\" class=\"wp-image-7702\" srcset=\"https:\/\/www.lafontdencarros.es\/wp-content\/uploads\/2026\/04\/05-Conferencia-1-1024x683.jpg 1024w, https:\/\/www.lafontdencarros.es\/wp-content\/uploads\/2026\/04\/05-Conferencia-1-300x200.jpg 300w, https:\/\/www.lafontdencarros.es\/wp-content\/uploads\/2026\/04\/05-Conferencia-1-768x512.jpg 768w, https:\/\/www.lafontdencarros.es\/wp-content\/uploads\/2026\/04\/05-Conferencia-1-391x260.jpg 391w, https:\/\/www.lafontdencarros.es\/wp-content\/uploads\/2026\/04\/05-Conferencia-1-1536x1024.jpg 1536w, https:\/\/www.lafontdencarros.es\/wp-content\/uploads\/2026\/04\/05-Conferencia-1.jpg 1920w\" sizes=\"(max-width: 1024px) 100vw, 1024px\" \/><\/figure>\n\n\n\n<figure class=\"wp-block-image size-large\"><img decoding=\"async\" width=\"1024\" height=\"683\" data-id=\"7711\" src=\"https:\/\/www.lafontdencarros.es\/wp-content\/uploads\/2026\/04\/06-Conferencia-1024x683.jpg\" alt=\"\" class=\"wp-image-7711\" srcset=\"https:\/\/www.lafontdencarros.es\/wp-content\/uploads\/2026\/04\/06-Conferencia-1024x683.jpg 1024w, https:\/\/www.lafontdencarros.es\/wp-content\/uploads\/2026\/04\/06-Conferencia-300x200.jpg 300w, https:\/\/www.lafontdencarros.es\/wp-content\/uploads\/2026\/04\/06-Conferencia-768x512.jpg 768w, https:\/\/www.lafontdencarros.es\/wp-content\/uploads\/2026\/04\/06-Conferencia-391x260.jpg 391w, https:\/\/www.lafontdencarros.es\/wp-content\/uploads\/2026\/04\/06-Conferencia-1536x1024.jpg 1536w, https:\/\/www.lafontdencarros.es\/wp-content\/uploads\/2026\/04\/06-Conferencia.jpg 1920w\" sizes=\"(max-width: 1024px) 100vw, 1024px\" \/><\/figure>\n\n\n\n<figure class=\"wp-block-image size-large\"><img decoding=\"async\" width=\"1024\" height=\"683\" data-id=\"7708\" src=\"https:\/\/www.lafontdencarros.es\/wp-content\/uploads\/2026\/04\/07-Conferencia-1-1024x683.jpg\" alt=\"\" class=\"wp-image-7708\" srcset=\"https:\/\/www.lafontdencarros.es\/wp-content\/uploads\/2026\/04\/07-Conferencia-1-1024x683.jpg 1024w, https:\/\/www.lafontdencarros.es\/wp-content\/uploads\/2026\/04\/07-Conferencia-1-300x200.jpg 300w, https:\/\/www.lafontdencarros.es\/wp-content\/uploads\/2026\/04\/07-Conferencia-1-768x512.jpg 768w, https:\/\/www.lafontdencarros.es\/wp-content\/uploads\/2026\/04\/07-Conferencia-1-391x260.jpg 391w, https:\/\/www.lafontdencarros.es\/wp-content\/uploads\/2026\/04\/07-Conferencia-1-1536x1024.jpg 1536w, https:\/\/www.lafontdencarros.es\/wp-content\/uploads\/2026\/04\/07-Conferencia-1.jpg 1920w\" sizes=\"(max-width: 1024px) 100vw, 1024px\" \/><\/figure>\n\n\n\n<figure class=\"wp-block-image size-large\"><img decoding=\"async\" width=\"1024\" height=\"683\" data-id=\"7705\" src=\"https:\/\/www.lafontdencarros.es\/wp-content\/uploads\/2026\/04\/08-Conferencia-1-1024x683.jpg\" alt=\"\" class=\"wp-image-7705\" srcset=\"https:\/\/www.lafontdencarros.es\/wp-content\/uploads\/2026\/04\/08-Conferencia-1-1024x683.jpg 1024w, https:\/\/www.lafontdencarros.es\/wp-content\/uploads\/2026\/04\/08-Conferencia-1-300x200.jpg 300w, https:\/\/www.lafontdencarros.es\/wp-content\/uploads\/2026\/04\/08-Conferencia-1-768x512.jpg 768w, https:\/\/www.lafontdencarros.es\/wp-content\/uploads\/2026\/04\/08-Conferencia-1-391x260.jpg 391w, https:\/\/www.lafontdencarros.es\/wp-content\/uploads\/2026\/04\/08-Conferencia-1-1536x1024.jpg 1536w, https:\/\/www.lafontdencarros.es\/wp-content\/uploads\/2026\/04\/08-Conferencia-1.jpg 1920w\" sizes=\"(max-width: 1024px) 100vw, 1024px\" \/><\/figure>\n\n\n\n<figure class=\"wp-block-image size-large\"><img decoding=\"async\" width=\"1024\" height=\"683\" data-id=\"7717\" src=\"https:\/\/www.lafontdencarros.es\/wp-content\/uploads\/2026\/04\/09-Conferencia-1024x683.jpg\" alt=\"\" class=\"wp-image-7717\" srcset=\"https:\/\/www.lafontdencarros.es\/wp-content\/uploads\/2026\/04\/09-Conferencia-1024x683.jpg 1024w, https:\/\/www.lafontdencarros.es\/wp-content\/uploads\/2026\/04\/09-Conferencia-300x200.jpg 300w, https:\/\/www.lafontdencarros.es\/wp-content\/uploads\/2026\/04\/09-Conferencia-768x512.jpg 768w, https:\/\/www.lafontdencarros.es\/wp-content\/uploads\/2026\/04\/09-Conferencia-391x260.jpg 391w, https:\/\/www.lafontdencarros.es\/wp-content\/uploads\/2026\/04\/09-Conferencia-1536x1024.jpg 1536w, https:\/\/www.lafontdencarros.es\/wp-content\/uploads\/2026\/04\/09-Conferencia.jpg 1920w\" sizes=\"(max-width: 1024px) 100vw, 1024px\" \/><\/figure>\n\n\n\n<figure class=\"wp-block-image size-large\"><img decoding=\"async\" width=\"1024\" height=\"683\" data-id=\"7714\" src=\"https:\/\/www.lafontdencarros.es\/wp-content\/uploads\/2026\/04\/12-Conferencia-1-1024x683.jpg\" alt=\"\" class=\"wp-image-7714\" srcset=\"https:\/\/www.lafontdencarros.es\/wp-content\/uploads\/2026\/04\/12-Conferencia-1-1024x683.jpg 1024w, https:\/\/www.lafontdencarros.es\/wp-content\/uploads\/2026\/04\/12-Conferencia-1-300x200.jpg 300w, https:\/\/www.lafontdencarros.es\/wp-content\/uploads\/2026\/04\/12-Conferencia-1-768x512.jpg 768w, https:\/\/www.lafontdencarros.es\/wp-content\/uploads\/2026\/04\/12-Conferencia-1-391x260.jpg 391w, https:\/\/www.lafontdencarros.es\/wp-content\/uploads\/2026\/04\/12-Conferencia-1-1536x1024.jpg 1536w, https:\/\/www.lafontdencarros.es\/wp-content\/uploads\/2026\/04\/12-Conferencia-1.jpg 1920w\" sizes=\"(max-width: 1024px) 100vw, 1024px\" \/><\/figure>\n<\/figure>\n\n\n\n<p><\/p>\n","protected":false},"excerpt":{"rendered":"<p>\ud83d\udce3 Ahir va tindre lloc a la Casa de la Cultura la confer\u00e8ncia-col\u00b7loqui al voltant de la nostra hist\u00f2ria, dins dels actes commemoratius dels 700 anys d\u2019en Carr\u00f2s. \ud83d\udc49 Amb la participaci\u00f3 de Just Sell\u00e9s, escriptor, i Abel Soler, historiador, el p\u00fablic va poder aprofundir en el context hist\u00f2ric de Jaume I, la fam\u00edlia Carr\u00f2s [&hellip;]<\/p>\n","protected":false},"author":3,"featured_media":7699,"comment_status":"open","ping_status":"open","sticky":false,"template":"","format":"standard","meta":{"_acf_changed":false,"_uag_custom_page_level_css":"","footnotes":""},"categories":[1],"tags":[],"class_list":["post-7677","post","type-post","status-publish","format-standard","has-post-thumbnail","hentry","category-actualitat"],"acf":[],"spectra_custom_meta":{"_edit_lock":["1777025786:3"],"rank_math_internal_links_processed":["1"],"_wpml_word_count":["119"],"_wpml_location_migration_done":["1"],"rank_math_seo_score":["10"],"_edit_last":["3"],"_wpml_media_duplicate":["1"],"_wpml_media_featured":["1"],"rank_math_primary_category":["1"],"_thumbnail_id":["7699"]},"uagb_featured_image_src":{"full":["https:\/\/www.lafontdencarros.es\/wp-content\/uploads\/2026\/04\/01-Conferencia-1.jpg",1920,1280,false],"thumbnail":["https:\/\/www.lafontdencarros.es\/wp-content\/uploads\/2026\/04\/01-Conferencia-1-150x150.jpg",150,150,true],"medium":["https:\/\/www.lafontdencarros.es\/wp-content\/uploads\/2026\/04\/01-Conferencia-1-300x200.jpg",300,200,true],"medium_large":["https:\/\/www.lafontdencarros.es\/wp-content\/uploads\/2026\/04\/01-Conferencia-1-768x512.jpg",768,512,true],"large":["https:\/\/www.lafontdencarros.es\/wp-content\/uploads\/2026\/04\/01-Conferencia-1-1024x683.jpg",1024,683,true],"thumblist":["https:\/\/www.lafontdencarros.es\/wp-content\/uploads\/2026\/04\/01-Conferencia-1-300x300.jpg",300,300,true],"thumbrelated":["https:\/\/www.lafontdencarros.es\/wp-content\/uploads\/2026\/04\/01-Conferencia-1-500x500.jpg",500,500,true],"meccarouselthumb":["https:\/\/www.lafontdencarros.es\/wp-content\/uploads\/2026\/04\/01-Conferencia-1-474x324.jpg",474,324,true],"gridsquare":["https:\/\/www.lafontdencarros.es\/wp-content\/uploads\/2026\/04\/01-Conferencia-1-391x260.jpg",391,260,true],"tileview":["https:\/\/www.lafontdencarros.es\/wp-content\/uploads\/2026\/04\/01-Conferencia-1-300x400.jpg",300,400,true],"1536x1536":["https:\/\/www.lafontdencarros.es\/wp-content\/uploads\/2026\/04\/01-Conferencia-1-1536x1024.jpg",1536,1024,true],"2048x2048":["https:\/\/www.lafontdencarros.es\/wp-content\/uploads\/2026\/04\/01-Conferencia-1.jpg",1920,1280,false]},"uagb_author_info":{"display_name":"Premsa La Font","author_link":"https:\/\/www.lafontdencarros.es\/va\/author\/premsa\/"},"uagb_comment_info":12,"uagb_excerpt":"\ud83d\udce3 Ahir va tindre lloc a la Casa de la Cultura la confer\u00e8ncia-col\u00b7loqui al voltant de la nostra hist\u00f2ria, dins dels actes commemoratius dels 700 anys d\u2019en Carr\u00f2s. \ud83d\udc49 Amb la participaci\u00f3 de Just Sell\u00e9s, escriptor, i Abel Soler, historiador, el p\u00fablic va poder aprofundir en el context hist\u00f2ric de Jaume I, la fam\u00edlia Carr\u00f2s&hellip;","_links":{"self":[{"href":"https:\/\/www.lafontdencarros.es\/va\/wp-json\/wp\/v2\/posts\/7677","targetHints":{"allow":["GET"]}}],"collection":[{"href":"https:\/\/www.lafontdencarros.es\/va\/wp-json\/wp\/v2\/posts"}],"about":[{"href":"https:\/\/www.lafontdencarros.es\/va\/wp-json\/wp\/v2\/types\/post"}],"author":[{"embeddable":true,"href":"https:\/\/www.lafontdencarros.es\/va\/wp-json\/wp\/v2\/users\/3"}],"replies":[{"embeddable":true,"href":"https:\/\/www.lafontdencarros.es\/va\/wp-json\/wp\/v2\/comments?post=7677"}],"version-history":[{"count":1,"href":"https:\/\/www.lafontdencarros.es\/va\/wp-json\/wp\/v2\/posts\/7677\/revisions"}],"predecessor-version":[{"id":7720,"href":"https:\/\/www.lafontdencarros.es\/va\/wp-json\/wp\/v2\/posts\/7677\/revisions\/7720"}],"wp:featuredmedia":[{"embeddable":true,"href":"https:\/\/www.lafontdencarros.es\/va\/wp-json\/wp\/v2\/media\/7699"}],"wp:attachment":[{"href":"https:\/\/www.lafontdencarros.es\/va\/wp-json\/wp\/v2\/media?parent=7677"}],"wp:term":[{"taxonomy":"category","embeddable":true,"href":"https:\/\/www.lafontdencarros.es\/va\/wp-json\/wp\/v2\/categories?post=7677"},{"taxonomy":"post_tag","embeddable":true,"href":"https:\/\/www.lafontdencarros.es\/va\/wp-json\/wp\/v2\/tags?post=7677"}],"curies":[{"name":"wp","href":"https:\/\/api.w.org\/{rel}","templated":true}]}}